{"id":273,"date":"2023-06-02T10:07:21","date_gmt":"2023-06-02T10:07:21","guid":{"rendered":"https:\/\/novare.se\/public\/2023\/06\/02\/inger-nerell-till-sodertalje-sjukhus\/"},"modified":"2023-06-02T10:07:21","modified_gmt":"2023-06-02T10:07:21","slug":"inger-nerell-till-sodertalje-sjukhus","status":"publish","type":"post","link":"https:\/\/novare.se\/public\/nyheter\/inger-nerell-till-sodertalje-sjukhus\/","title":{"rendered":"Inger Nerell till S\u00f6dert\u00e4lje sjukhus"},"content":{"rendered":"","protected":false},"excerpt":{"rendered":"","protected":false},"author":1,"featured_media":274,"comment_status":"open","ping_status":"open","sticky":false,"template":"","format":"standard","meta":{"_acf_changed":false,"_seopress_robots_primary_cat":"","_seopress_titles_title":"Inger Nerell ny HR-direkt\u00f6r S\u00f6dert\u00e4lje sjukhus - novare.se","_seopress_titles_desc":"Inger Nerell utsedd till HR-direkt\u00f6r p\u00e5 S\u00f6dert\u00e4lje sjukhus. Hon tilltr\u00e4der 3 september 2023 och kommer fr\u00e5n Capio \u00c4ldre Mobil och Omsorg.","_seopress_robots_index":"","inline_featured_image":false},"categories":[27],"tags":[],"class_list":["post-273","post","type-post","status-publish","format-standard","has-post-thumbnail","hentry","category-rekrytering"],"acf":[],"_links":{"self":[{"href":"https:\/\/novare.se\/public\/wp-json\/wp\/v2\/posts\/273","targetHints":{"allow":["GET"]}}],"collection":[{"href":"https:\/\/novare.se\/public\/wp-json\/wp\/v2\/posts"}],"about":[{"href":"https:\/\/novare.se\/public\/wp-json\/wp\/v2\/types\/post"}],"author":[{"embeddable":true,"href":"https:\/\/novare.se\/public\/wp-json\/wp\/v2\/users\/1"}],"replies":[{"embeddable":true,"href":"https:\/\/novare.se\/public\/wp-json\/wp\/v2\/comments?post=273"}],"version-history":[{"count":0,"href":"https:\/\/novare.se\/public\/wp-json\/wp\/v2\/posts\/273\/revisions"}],"wp:featuredmedia":[{"embeddable":true,"href":"https:\/\/novare.se\/public\/wp-json\/wp\/v2\/media\/274"}],"wp:attachment":[{"href":"https:\/\/novare.se\/public\/wp-json\/wp\/v2\/media?parent=273"}],"wp:term":[{"taxonomy":"category","embeddable":true,"href":"https:\/\/novare.se\/public\/wp-json\/wp\/v2\/categories?post=273"},{"taxonomy":"post_tag","embeddable":true,"href":"https:\/\/novare.se\/public\/wp-json\/wp\/v2\/tags?post=273"}],"curies":[{"name":"wp","href":"https:\/\/api.w.org\/{rel}","templated":true}]}}